{"id":14608,"date":"2026-09-02T10:36:28","date_gmt":"2026-09-02T13:36:28","guid":{"rendered":"https:\/\/larural.com.ar\/?p=14608"},"modified":"2026-09-02T11:31:52","modified_gmt":"2026-09-02T14:31:52","slug":"la-rural-recibe-en-septiembre-mas-de-15-eventos-y-propuestas-para-todos-los-publicos","status":"publish","type":"post","link":"https:\/\/larural.com.ar\/pt\/noticias\/la-rural-recebe-em-setembro-mais-de-15-eventos-e-propostas-para-todos-os-publicos\/","title":{"rendered":"La Rural recebe em setembro mais de 15 eventos e propostas para todos os p\u00fablicos"},"content":{"rendered":"<div style=\"height:40px\" aria-hidden=\"true\" class=\"wp-block-spacer\"><\/div>\n\n\n\n<h2 class=\"wp-block-heading has-text-align-center\"><em>Ap\u00f3s uma semana marcada pela moda, arte e cultura, La Rural d\u00e1 in\u00edcio a setembro com uma programa\u00e7\u00e3o que volta a colocar em cena a diversidade de ind\u00fastrias, p\u00fablicos e experi\u00eancias convivendo em um mesmo lugar.<\/em><\/h2>\n\n\n\n<div style=\"height:82px\" aria-hidden=\"true\" class=\"wp-block-spacer\"><\/div>\n\n\n\n<p class=\"has-text-align-left wp-block-paragraph\"><em>Buenos Aires, 2 de setembro de 2026<\/em> <em>\u2013<\/em> La Rural concluiu agosto com um sucesso <strong>\u201csemana da moda e da cultura\u201d<\/strong>. Del <strong>24 a 28 de agosto<\/strong>, <strong>BAFWEEK<\/strong> reuniu novamente <strong>designers, marcas e refer\u00eancias da moda argentina<\/strong>, enquanto <strong>BADA \u2013 Feira de Arte Direta de Artista<\/strong>, del <strong>28 de agosto a 1 de setembro<\/strong>, comemorou seu <strong>14\u00aa edi\u00e7\u00e3o<\/strong> com a participa\u00e7\u00e3o de <strong>300 artistas consagrados e emergentes<\/strong>. A feira apresentou suas obras a <strong>mais de 100.000 visitantes<\/strong>, promovendo o <strong>encontro direto entre artistas e p\u00fablico<\/strong> e consolidando como um dos <strong>espa\u00e7os mais relevantes de circula\u00e7\u00e3o da arte contempor\u00e2nea na cidade.<\/strong><\/p>\n\n\n\n<p class=\"wp-block-paragraph\">A virada do m\u00eas renova a cena, mas mant\u00e9m uma constante: <strong>La Rural como ponto de encontro para setores, comunidades e ind\u00fastrias.<\/strong> Durante setembro, o complexo reunir\u00e1 encontros profissionais vinculados com a <strong>hotelaria, gastronomia, seguran\u00e7a, franquias, ind\u00fastria aliment\u00e1ria, tecnologia e turismo<\/strong>, junto com propostas de <strong>consumo, bem-estar, criatividade e entretenimento abertas ao p\u00fablico em geral.&nbsp;<\/strong><\/p>\n\n\n\n<div style=\"height:40px\" aria-hidden=\"true\" class=\"wp-block-spacer\"><\/div>\n\n\n\n<figure class=\"wp-block-image size-large\"><img fetchpriority=\"high\" decoding=\"async\" width=\"1024\" height=\"750\" src=\"https:\/\/larural.com.ar\/wp-content\/uploads\/2026\/09\/Septiembre-2026-en-La-Rural-1024x750.webp\" alt=\"\" class=\"wp-image-14610\" srcset=\"https:\/\/larural.com.ar\/wp-content\/uploads\/2026\/09\/Septiembre-2026-en-La-Rural-1024x750.webp 1024w, https:\/\/larural.com.ar\/wp-content\/uploads\/2026\/09\/Septiembre-2026-en-La-Rural-300x220.webp 300w, https:\/\/larural.com.ar\/wp-content\/uploads\/2026\/09\/Septiembre-2026-en-La-Rural-767x562.webp 767w, https:\/\/larural.com.ar\/wp-content\/uploads\/2026\/09\/Septiembre-2026-en-La-Rural-1536x1125.webp 1536w, https:\/\/larural.com.ar\/wp-content\/uploads\/2026\/09\/Septiembre-2026-en-La-Rural-16x12.webp 16w, https:\/\/larural.com.ar\/wp-content\/uploads\/2026\/09\/Septiembre-2026-en-La-Rural.webp 1931w\" sizes=\"(max-width: 1024px) 100vw, 1024px\" \/><\/figure>\n\n\n\n<div style=\"height:40px\" aria-hidden=\"true\" class=\"wp-block-spacer\"><\/div>\n\n\n\n<p class=\"wp-block-paragraph\">A agenda come\u00e7ar\u00e1 nos dias <strong>2 al 4 de setembro<\/strong> com <a href=\"https:\/\/larural.com.ar\/pt\/evento\/hotelga\/\"><strong>Hotelga<\/strong><\/a> <strong>e<\/strong> <a href=\"https:\/\/larural.com.ar\/pt\/evento\/intersec-buenos-aires\/\"><strong>Intersec<\/strong><\/a> <strong>Buenos Aires<\/strong>, dois eventos profissionais que reunir\u00e3o figuras de destaque e protagonistas dos setores de hotelaria, gastronomia e seguran\u00e7a. No fim de semana de <strong>5 e 6 de setembro<\/strong>, o pr\u00e9dio mudar\u00e1 de registro para receber uma programa\u00e7\u00e3o que combina inova\u00e7\u00e3o, criatividade e entretenimento: <a href=\"https:\/\/larural.com.ar\/pt\/evento\/experiencia-impressao-3d-2026\/\"><strong>Experi\u00eancia em Impress\u00e3o 3D<\/strong><\/a><strong>,<\/strong> <a href=\"https:\/\/larural.com.ar\/pt\/evento\/14-expos-de-maos-e-uma-maquiagem\/\"><strong>Expo Manos y U\u00f1as &amp; MakeUp<\/strong><\/a><strong>,<\/strong> <a href=\"https:\/\/larural.com.ar\/pt\/evento\/4a-expo-harmonia-e-astrologia\/\"><strong>Expo Armon\u00eda y Astrolog\u00eda<\/strong><\/a><strong>,<\/strong> <a href=\"https:\/\/larural.com.ar\/pt\/evento\/13695\/\"><strong>Expo Cupcakes<\/strong><\/a><strong>,<\/strong> <a href=\"https:\/\/larural.com.ar\/pt\/evento\/expo-festeja\/\"><strong>Expo Festeja<\/strong><\/a> e uma nova edi\u00e7\u00e3o de <a href=\"https:\/\/larural.com.ar\/pt\/evento\/festa-gastronomica-4-de-setembro\/\"><strong>Festival de Comida<\/strong><\/a>.<\/p>\n\n\n\n<p class=\"wp-block-paragraph\">A diversidade continuar\u00e1 durante as semanas seguintes com <a href=\"https:\/\/larural.com.ar\/pt\/evento\/expo-franquias\/\"><strong>Expo Franquias<\/strong><\/a> (9 e 10 de setembro), <a href=\"https:\/\/larural.com.ar\/pt\/evento\/expo-exige-bom-cafe\/\"><strong>Expo Exigente Bom Caf\u00e9<\/strong><\/a> (13 e 14), <a href=\"https:\/\/larural.com.ar\/pt\/evento\/tecno-fest\/\"><strong>TecnoFidta<\/strong><\/a> (15 a 18), <a href=\"https:\/\/larural.com.ar\/pt\/evento\/expor-papelaria\/\"><strong>Expo Papelaria<\/strong><\/a> (16 a 18), <a href=\"https:\/\/larural.com.ar\/pt\/evento\/39-feira-de-hobby\/\"><strong>Expo Hobby<\/strong><\/a> y <a href=\"https:\/\/larural.com.ar\/pt\/evento\/pigmento-fest-2026\/\"><strong>Pigmento Fest<\/strong><\/a><strong>!<\/strong> (18 a 20). Pr\u00f3ximo ao fechamento do m\u00eas, <a href=\"https:\/\/larural.com.ar\/pt\/evento\/festa-gastronomica-setembro\/\"><strong>Festival de Comida<\/strong><\/a> voltar\u00e1 nos dias <strong>26 e 27 de setembro<\/strong>, enquanto <a href=\"https:\/\/larural.com.ar\/pt\/evento\/30a-feira-internacional-de-turismo-da-america-latina\/\"><strong>FIT \u2013 Feira Internacional de Turismo da Am\u00e9rica Latina<\/strong><\/a> celebrar\u00e1 seu <strong>30.\u00aa edi\u00e7\u00e3o<\/strong>, consolidando-se como um dos grandes encontros da ind\u00fastria tur\u00edstica regional.<\/p>\n\n\n\n<p class=\"wp-block-paragraph\">Em paralelo, at\u00e9 o <strong>26 de setembro<\/strong>, o <strong>Pavilh\u00e3o Frers<\/strong> continuar\u00e1 oferecendo <strong>experi\u00eancias imersivas<\/strong> que percorrem distintos momentos da hist\u00f3ria e do conhecimento, desde o <strong>Antigo Egito<\/strong> e a <strong>Idade M\u00e9dia<\/strong> at\u00e9 a evolu\u00e7\u00e3o da vida e a explora\u00e7\u00e3o do espa\u00e7o.&nbsp;<\/p>\n\n\n\n<p class=\"wp-block-paragraph\">Assim, da cultura e da moda \u00e0 ind\u00fastria, aos neg\u00f3cios, \u00e0 gastronomia, ao turismo, \u00e0 inova\u00e7\u00e3o e ao entretenimento, <strong>La Rural se consolida como uma plataforma que conecta setores, gera oportunidades e traz novas experi\u00eancias para a cidade<\/strong>.<\/p>\n\n\n\n<div style=\"height:82px\" aria-hidden=\"true\" class=\"wp-block-spacer\"><\/div>\n\n\n\n<p class=\"wp-block-paragraph\"><strong>Toda a agenda da La Rural, em um s\u00f3 lugar:<\/strong> consulte o <strong><a href=\"https:\/\/larural.com.ar\/pt\/evento\/\" data-type=\"page\" data-id=\"14320\">calend\u00e1rio completo de eventos<\/a><\/strong>, acesse as <strong>ingressos em<\/strong> <a href=\"https:\/\/www.laruralticket.com.ar\/\" target=\"_blank\" rel=\"noopener\"><strong>Ingresso La Rural<\/strong><\/a> e siga as novidades em nossas redes sociais \u2013 <strong>@larural_bsas<\/strong>.<\/p>","protected":false},"excerpt":{"rendered":"<p>Ap\u00f3s uma semana marcada pela moda, arte e cultura, La Rural d\u00e1 in\u00edcio a setembro com uma programa\u00e7\u00e3o que volta a colocar em cena a diversidade de ind\u00fastrias, p\u00fablicos e experi\u00eancias convivendo em um mesmo lugar.<\/p>","protected":false},"author":5,"featured_media":14609,"comment_status":"open","ping_status":"closed","sticky":false,"template":"","format":"standard","meta":{"footnotes":""},"categories":[27,102],"tags":[],"class_list":["post-14608","post","type-post","status-publish","format-standard","has-post-thumbnail","hentry","category-noticias","category-eventos"],"_links":{"self":[{"href":"https:\/\/larural.com.ar\/pt\/wp-json\/wp\/v2\/posts\/14608","targetHints":{"allow":["GET"]}}],"collection":[{"href":"https:\/\/larural.com.ar\/pt\/wp-json\/wp\/v2\/posts"}],"about":[{"href":"https:\/\/larural.com.ar\/pt\/wp-json\/wp\/v2\/types\/post"}],"author":[{"embeddable":true,"href":"https:\/\/larural.com.ar\/pt\/wp-json\/wp\/v2\/users\/5"}],"replies":[{"embeddable":true,"href":"https:\/\/larural.com.ar\/pt\/wp-json\/wp\/v2\/comments?post=14608"}],"version-history":[{"count":2,"href":"https:\/\/larural.com.ar\/pt\/wp-json\/wp\/v2\/posts\/14608\/revisions"}],"predecessor-version":[{"id":14612,"href":"https:\/\/larural.com.ar\/pt\/wp-json\/wp\/v2\/posts\/14608\/revisions\/14612"}],"wp:featuredmedia":[{"embeddable":true,"href":"https:\/\/larural.com.ar\/pt\/wp-json\/wp\/v2\/media\/14609"}],"wp:attachment":[{"href":"https:\/\/larural.com.ar\/pt\/wp-json\/wp\/v2\/media?parent=14608"}],"wp:term":[{"taxonomy":"category","embeddable":true,"href":"https:\/\/larural.com.ar\/pt\/wp-json\/wp\/v2\/categories?post=14608"},{"taxonomy":"post_tag","embeddable":true,"href":"https:\/\/larural.com.ar\/pt\/wp-json\/wp\/v2\/tags?post=14608"}],"curies":[{"name":"wp","href":"https:\/\/api.w.org\/{rel}","templated":true}]}}